{"id":1534,"date":"2010-04-19T18:09:03","date_gmt":"2010-04-19T16:09:03","guid":{"rendered":"http:\/\/blog.babsib.at\/?p=1534"},"modified":"2010-04-19T18:27:26","modified_gmt":"2010-04-19T16:27:26","slug":"blogparade-zum-thema-gluck","status":"publish","type":"post","link":"http:\/\/blog.babsib.at\/index.php\/2010\/04\/19\/blogparade-zum-thema-gluck\/","title":{"rendered":"Blogparade zum Thema Gl\u00fcck"},"content":{"rendered":"<p><a href=\"http:\/\/blog.babsib.at\/wp-content\/uploads\/2010\/04\/glueckskeks1.jpg\" rel=\"lightbox\"><img decoding=\"async\" loading=\"lazy\" class=\"alignleft size-medium wp-image-1535\" title=\"glueckskeks1\" src=\"http:\/\/blog.babsib.at\/wp-content\/uploads\/2010\/04\/glueckskeks1-300x225.jpg\" alt=\"glueckskeks1\" width=\"300\" height=\"225\" srcset=\"http:\/\/blog.babsib.at\/wp-content\/uploads\/2010\/04\/glueckskeks1-300x225.jpg 300w, http:\/\/blog.babsib.at\/wp-content\/uploads\/2010\/04\/glueckskeks1.jpg 400w\" sizes=\"(max-width: 300px) 100vw, 300px\" \/><\/a><\/p>\n<p>\u00a0<\/p>\n<p>\u00a0<\/p>\n<p>\u00a0<\/p>\n<p>\u00a0<\/p>\n<p>\u00a0<\/p>\n<p>\u00a0<\/p>\n<p>\u00a0<\/p>\n<p>\u00a0<\/p>\n<p>\u00a0<\/p>\n<p>\u00a0<\/p>\n<p>\u00a0<\/p>\n<p>\u00a0<\/p>\n<p>Das Gl\u00fcck liegt nicht am anderen Ufer,<br \/>\nbei den anderen Menschen, denen es scheinbar viel besser geht.<br \/>\nDas Gl\u00fcck liegt in dir.<br \/>\nEs nimmt seinen Anfang in deinem Herzen,<br \/>\nund du gibst es weiter,<br \/>\nwenn Menschen gern mit dir zusammen sind.<br \/>\n(@Phil Bosmans)<br \/>\nPhil Bosmans Zitate zum Thema Gl\u00fcck z\u00e4hle ich zu meinen absoluten Favoriten!!<\/p>\n<p>Es gibt soviel Gl\u00fcck, was in und um uns herum ist und doch sehen wir oft nur so wenig davon.\u00a0\u00a0 Zum Thema \u201eGl\u00fcck\u201c hat Irene nun ihre erste <a href=\"http:\/\/www.blog.online-erfolgreich-sein.de\/2010\/04\/blogparade-zum-thema-gluck\/\" target=\"_blank\">Blogparade<\/a> gestartet.<br \/>\nIch habe dieses Thema schon \u00f6fters hier in der einen oder anderen Sichtweise hier betrachtet.<br \/>\nF\u00fcr mich ist gl\u00fccklich sein ein Gef\u00fchl, dass sich st\u00e4ndig und stetig ver\u00e4ndert. Mal f\u00fchl ich das Gl\u00fcck so nah, mal so weit entfernt. Ich konzentriere mich auf das, was mir Freude und andere positive Gef\u00fchle bringt und darauf basiert dann MEIN Gl\u00fcck.\u00a0 Menschen, die mir sagen, dass sie immer gl\u00fccklich und heiter sind,\u00a0 sind meiner Meinung nach nicht ganz ehrlich. (Vielleicht nun etwas gewagt?) Denn auch Trauer, Leid und ungl\u00fccklich sein geh\u00f6rt zum Leben dazu.<br \/>\nGl\u00fcck ist nichts, was einfach da ist oder nicht, es ist MACHBAR.. ich selbst, bestimme, was mich Gl\u00fccklich macht..ob es etwas KLeines ist (Wie ein Marienk\u00e4ferchen dass sich gerade auf deinem Arm niederl\u00e4\u00dft) oder etwas anderes&#8230;ICH BESTIMME<br \/>\nGl\u00fcck offenbart sich nun f\u00fcr mich in vielen Formen, die ich vor einiger Zeit noch nicht richtig wahrgenommen habe bzw auch noch nicht konnte. Aus mehreren Perspektiven betrachtet sah ich pl\u00f6tzlich Details und Besonderheiten, die ich aus der einseitigen Lage noch nicht gesehen habe.<br \/>\nGl\u00fccklich bin ich mit anderen Menschen zusammen zu sein,\u00a0 mit denen ich mich austauschen kann, ein Geben und Nehmen in harmonischen Bahnen l\u00e4uft. Ja, um gl\u00fccklich zu sein habe ich gerne andere Menschen um mich herum. Denn schlie\u00dflich verdoppelt sich doch das geteilte Gl\u00fcck\u00a0 gleich nochmal, nicht wahr?*l\u00e4chel* Auch im Alleinsein finde ich Gl\u00fcck, indem ich mir Zeit nehme f\u00fcr mich, meine Besch\u00e4ftigungen, meine\u00a0 Wahrnehmungen\u2026einfach f\u00fcr MICH: IN der Stille h\u00f6ren, in der Ruhe f\u00fchlen, neu auftanken. Ich genie\u00dfe die Zeit mit mir selber.<br \/>\nGl\u00fccklich bin ich auch, zu erkennen, wie viel ich selbst dazu beitragen kann und\u00a0 was f\u00fcr eine Macht\u00a0 und Verantwortung ich selber auch haben kann, mir das Gl\u00fcck zu schaffen.<br \/>\nDies war jedoch nicht immer so. Noch vor kurzem habe ich die Verantwortung f\u00fcr mich in die H\u00e4nde anderer gelegt und somit auch mein Gl\u00fcck. Ich hatte auch gro\u00dfe Angst davor, mir einzugestehen, was ich wirklich m\u00f6chte denn die anderen wissen ja besser, was gut f\u00fcr mich ist. Erst, als ich nach und nach selbst immer wieder ein kleines St\u00fcckchen\u00a0 Verantwortung und auch Entscheidung \u00fcbernahm, merkte ich:\u201c Da geht doch etwas!?\u201c Als ich dann auch noch psychisch und auch k\u00f6rperlich sehr unten war, stellte dies noch eine zus\u00e4tzliche Herausforderung dar, mich mehr MEINEM Leben zu widmen.<br \/>\nSeitdem erkunde ich St\u00fcck f\u00fcr St\u00fcck den Weg zu meinem pers\u00f6nlichen Gl\u00fcck. In MEINEN Farben, Bildern und D\u00fcften und Tr\u00e4umen\u2026.lasse ich etwas eigenes entstehen und mich treiben.<br \/>\nDas Gl\u00fcck besteht f\u00fcr mich aus vielen Farben. Jede Farbe steht f\u00fcr etwas Besonderes und doch sind sie alle miteinander verbunden\u2026so wie beim Regenbogen..und deshalb ist meine Lieblingsfarbe (Neben Blau nat\u00fcrlich!!!) ganz klar: BUNT!!!!<br \/>\nWenn ich das Gl\u00fcck nun malen sollte w\u00fcrde ich einen Farbenkreis machen in dem jede Farbe sich mit anderen vermischt, sich aufteilt\u2026wieder zusammenl\u00e4uft..ein unendlicher Faden quer durch das Ganze in einem riesigen Kreis.<br \/>\nAuch die Dankbarkeit geh\u00f6rt f\u00fcr mich zum Gl\u00fcck dazu. Dankbar daf\u00fcr, dass ich leben kann, mich bewegen, genie\u00dfen, gehen und atmen\u2026dass ich in einem Land lebe, wo mir das alles erm\u00f6glicht wird. Auch mir selbst gegen\u00fcber, dass ich mir auch immer mehr erlauben kann zu sein, wie ich BIN.<br \/>\nDazu geh\u00f6ren alle Arten von Gef\u00fchlen dazu, auch eben ungl\u00fccklich sein\u2026mit jedem Schritt den ich zu meinem Gl\u00fcck beitrage (Und auch liebe andere Menschen beitragen!) mache ich einen weiteren Schritt auf mich (Und andere zu!)<\/p>\n<p>(Bildquelle: Pixelio, delater)<\/p>\n","protected":false},"excerpt":{"rendered":"<p>\u00a0 \u00a0 \u00a0 \u00a0 \u00a0 \u00a0 \u00a0 \u00a0 \u00a0 \u00a0 \u00a0 \u00a0 Das Gl\u00fcck liegt nicht am anderen Ufer, bei den anderen Menschen, denen es scheinbar viel besser geht. Das Gl\u00fcck liegt in dir. Es nimmt seinen Anfang in deinem Herzen, und du gibst es weiter, wenn Menschen gern mit dir zusammen sind. (@Phil Bosmans) [&hellip;]<\/p>\n","protected":false},"author":1,"featured_media":0,"comment_status":"open","ping_status":"open","sticky":false,"template":"","format":"standard","meta":[],"categories":[62,63,5,11],"tags":[657,659,151,68,70,36,346,618,77,658,397],"_links":{"self":[{"href":"http:\/\/blog.babsib.at\/index.php\/wp-json\/wp\/v2\/posts\/1534"}],"collection":[{"href":"http:\/\/blog.babsib.at\/index.php\/wp-json\/wp\/v2\/posts"}],"about":[{"href":"http:\/\/blog.babsib.at\/index.php\/wp-json\/wp\/v2\/types\/post"}],"author":[{"embeddable":true,"href":"http:\/\/blog.babsib.at\/index.php\/wp-json\/wp\/v2\/users\/1"}],"replies":[{"embeddable":true,"href":"http:\/\/blog.babsib.at\/index.php\/wp-json\/wp\/v2\/comments?post=1534"}],"version-history":[{"count":8,"href":"http:\/\/blog.babsib.at\/index.php\/wp-json\/wp\/v2\/posts\/1534\/revisions"}],"predecessor-version":[{"id":1543,"href":"http:\/\/blog.babsib.at\/index.php\/wp-json\/wp\/v2\/posts\/1534\/revisions\/1543"}],"wp:attachment":[{"href":"http:\/\/blog.babsib.at\/index.php\/wp-json\/wp\/v2\/media?parent=1534"}],"wp:term":[{"taxonomy":"category","embeddable":true,"href":"http:\/\/blog.babsib.at\/index.php\/wp-json\/wp\/v2\/categories?post=1534"},{"taxonomy":"post_tag","embeddable":true,"href":"http:\/\/blog.babsib.at\/index.php\/wp-json\/wp\/v2\/tags?post=1534"}],"curies":[{"name":"wp","href":"https:\/\/api.w.org\/{rel}","templated":true}]}}