{"id":1739,"date":"2010-08-12T08:49:31","date_gmt":"2010-08-12T06:49:31","guid":{"rendered":"http:\/\/blog.babsib.at\/?p=1739"},"modified":"2010-08-12T08:56:33","modified_gmt":"2010-08-12T06:56:33","slug":"wer-mochtest-du-sein","status":"publish","type":"post","link":"http:\/\/blog.babsib.at\/index.php\/2010\/08\/12\/wer-mochtest-du-sein\/","title":{"rendered":"Wer m\u00f6chtest du sein"},"content":{"rendered":"<p><a href=\"http:\/\/blog.babsib.at\/wp-content\/uploads\/2010\/08\/weltumarm.jpg\" rel=\"lightbox\"><img decoding=\"async\" loading=\"lazy\" class=\"alignleft size-medium wp-image-1742\" title=\"weltumarm\" src=\"http:\/\/blog.babsib.at\/wp-content\/uploads\/2010\/08\/weltumarm-300x213.jpg\" alt=\"weltumarm\" width=\"300\" height=\"213\" srcset=\"http:\/\/blog.babsib.at\/wp-content\/uploads\/2010\/08\/weltumarm-300x213.jpg 300w, http:\/\/blog.babsib.at\/wp-content\/uploads\/2010\/08\/weltumarm.jpg 400w\" sizes=\"(max-width: 300px) 100vw, 300px\" \/><\/a><\/p>\n<p>\u00a0<\/p>\n<p>\u00a0<\/p>\n<p>\u00a0<\/p>\n<p>\u00a0<\/p>\n<p>\u00a0<\/p>\n<p>\u00a0<\/p>\n<p>\u00a0<\/p>\n<p>\u00a0<\/p>\n<p>\u00a0<\/p>\n<p>\u00a0<\/p>\n<p>\u00a0<\/p>\n<p>\u00a0<\/p>\n<p>\u00a0<\/p>\n<p>Mein Leben ist meins, genauso, wie dein Leben dir geh\u00f6rt. NIemand kann und mu\u00df es leben f\u00fcr dich. Du bist der Dirigent deines Lebens und das perfekt, einzigartig. Was du hast und bist, das bist du mit ganzer Kraft und DEINER Energie. So wie eine Blume Wasser, Sonne und frische Luft braucht, so brauchst du dein LEben, um dich zu entfalten und zu erbl\u00fchen, um zu lernen und zu erfahren. Das Leben ist gezeichnet von Herausforderungen, H\u00f6hen und Tiefen, die nur du ergr\u00fcnden kannst. Du bist der Mittelpunkt von dem, was mit dir und was um dich passiert.<br \/>\nSchaffe dir eine Oase der Ruhe und genie\u00dfe das Licht, was du dir und anderen gibst.<br \/>\nDu bist DU und das PERFEKT und EINZIGARTIG!<br \/>\n(Babsi)<\/p>\n<p>\u00a0<\/p>\n<p>Wolltest du mal jemand anderers sein? Jemand, dem das Leben leichter zu fallen scheint, der beliebter, h\u00fcbscher oder erfolgreicher ist?<br \/>\nIch hatte oft diese Gedanken und habe oft gelitten unter der Tatsache, manche Dinge nicht zu k\u00f6nnen oder mithalten zu k\u00f6nnen so wie andere. Selbst heute ist es mir wieder passiert, dennoch kann ich es nun schon anders betrachten&#8230;und auch mit mehr DAnkbarkeit und Freude annehmen, das das hier mein Leben ist. Ich nehme und lerne aus meinen Lebenspr\u00fcfungen und hole das f\u00fcr mich Beste heraus.<br \/>\nIch erfahre und f\u00fchle immer mehr, was MEIN Leben mir f\u00fcr Geschenke und kleine und gro\u00dfe Gl\u00fccksmomente bereith\u00e4lt:<br \/>\nF\u00fcr einen Tag und eine Woche\u00a0(in meiner eigenen Wohnung, meine t\u00e4glichen Rituale, mein Austausch mit anderen Menschen)<br \/>\nF\u00fcr einen Monat (Ausfl\u00fcge, Treffen mit Freunden, Natur,Geburtstage,&#8230;.)<br \/>\nF\u00fcr ein Jahr (reisen, die Jahreszeiten,\u00a0 Neues erleben,&#8230;)&gt;<br \/>\nF\u00fcr das, was bis nun war und das was sein wird.<br \/>\nauch wunderbare Kleinigkeiten wie zb nun jeden Tag von der Sonne im kuscheligen Bett geweckt zu werden. Daf\u00fcr bin ich dankbar.<br \/>\nAuch, wenn das Leben nicht immer leicht ist, es ist meins und ich allein habe, was ich brauche, um genau das Leben zu leben.<\/p>\n","protected":false},"excerpt":{"rendered":"<p>\u00a0 \u00a0 \u00a0 \u00a0 \u00a0 \u00a0 \u00a0 \u00a0 \u00a0 \u00a0 \u00a0 \u00a0 \u00a0 Mein Leben ist meins, genauso, wie dein Leben dir geh\u00f6rt. NIemand kann und mu\u00df es leben f\u00fcr dich. Du bist der Dirigent deines Lebens und das perfekt, einzigartig. Was du hast und bist, das bist du mit ganzer Kraft und DEINER Energie. [&hellip;]<\/p>\n","protected":false},"author":1,"featured_media":0,"comment_status":"open","ping_status":"open","sticky":false,"template":"","format":"standard","meta":[],"categories":[62,63,5,158],"tags":[151,798,399,70,514,797],"_links":{"self":[{"href":"http:\/\/blog.babsib.at\/index.php\/wp-json\/wp\/v2\/posts\/1739"}],"collection":[{"href":"http:\/\/blog.babsib.at\/index.php\/wp-json\/wp\/v2\/posts"}],"about":[{"href":"http:\/\/blog.babsib.at\/index.php\/wp-json\/wp\/v2\/types\/post"}],"author":[{"embeddable":true,"href":"http:\/\/blog.babsib.at\/index.php\/wp-json\/wp\/v2\/users\/1"}],"replies":[{"embeddable":true,"href":"http:\/\/blog.babsib.at\/index.php\/wp-json\/wp\/v2\/comments?post=1739"}],"version-history":[{"count":5,"href":"http:\/\/blog.babsib.at\/index.php\/wp-json\/wp\/v2\/posts\/1739\/revisions"}],"predecessor-version":[{"id":1741,"href":"http:\/\/blog.babsib.at\/index.php\/wp-json\/wp\/v2\/posts\/1739\/revisions\/1741"}],"wp:attachment":[{"href":"http:\/\/blog.babsib.at\/index.php\/wp-json\/wp\/v2\/media?parent=1739"}],"wp:term":[{"taxonomy":"category","embeddable":true,"href":"http:\/\/blog.babsib.at\/index.php\/wp-json\/wp\/v2\/categories?post=1739"},{"taxonomy":"post_tag","embeddable":true,"href":"http:\/\/blog.babsib.at\/index.php\/wp-json\/wp\/v2\/tags?post=1739"}],"curies":[{"name":"wp","href":"https:\/\/api.w.org\/{rel}","templated":true}]}}