{"id":1761,"date":"2010-08-27T09:57:39","date_gmt":"2010-08-27T07:57:39","guid":{"rendered":"http:\/\/blog.babsib.at\/?p=1761"},"modified":"2010-08-27T13:02:16","modified_gmt":"2010-08-27T11:02:16","slug":"mit-den-jahren","status":"publish","type":"post","link":"http:\/\/blog.babsib.at\/index.php\/2010\/08\/27\/mit-den-jahren\/","title":{"rendered":"Mit den Jahren&#8230;.."},"content":{"rendered":"<p><a href=\"http:\/\/blog.babsib.at\/wp-content\/uploads\/2010\/08\/blum111.jpg\" rel=\"lightbox\"><img decoding=\"async\" loading=\"lazy\" class=\"alignleft size-medium wp-image-1764\" title=\"blum111\" src=\"http:\/\/blog.babsib.at\/wp-content\/uploads\/2010\/08\/blum111-300x227.jpg\" alt=\"blum111\" width=\"300\" height=\"227\" srcset=\"http:\/\/blog.babsib.at\/wp-content\/uploads\/2010\/08\/blum111-300x227.jpg 300w, http:\/\/blog.babsib.at\/wp-content\/uploads\/2010\/08\/blum111.jpg 306w\" sizes=\"(max-width: 300px) 100vw, 300px\" \/><\/a><\/p>\n<p>\u00a0<\/p>\n<p>\u00a0<\/p>\n<p>\u00a0<\/p>\n<p>\u00a0<\/p>\n<p>\u00a0<\/p>\n<p>\u00a0<\/p>\n<p>\u00a0<\/p>\n<p>\u00a0<\/p>\n<p>\u00a0<\/p>\n<p>\u00a0<\/p>\n<p>\u00a0<\/p>\n<p>\u00a0<\/p>\n<p>Immer mal wieder bekomme ich S\u00e4tze, wie zb\u00a0 &#8222;ach, so jung, wie du, da war alles noch besser&#8220;, &#8222;so jung m\u00f6chte ich auch nochmal sein&#8220;,&#8230;.usw.<br \/>\nEs ist klar, dass gerne auf j\u00fcngere Menschen geschaut wird und man sich dann erinnert, wie wir in diesem Alter gelebt und gef\u00fchlt haben und was wir gemacht haben.<br \/>\nWenn ich in\u00a0 den Spiegel sehe dann blickt mir ein Gesicht entgegen, dass f\u00fcr mich noch immer kindlich wirkt\u00b4, auch wenn ich kein Kind mehr bin. Obwohl ich oft gerne erwachsener und reifer wirken m\u00f6chte, bin ich doch sehr dankbar daf\u00fcr. Denn dieses Leichte, Beschwingte m\u00f6chte ich gerne noch behalten. Ich sehe oft Menschen, kaum \u00e4lter als ich, die von Sorgenfalten und auch Ernsthafteigkeit und Mi\u00dfmut \u00fcbers\u00e4t sind. Wie sehr w\u00fcrde sie ein L\u00e4cheln gleich entspannter wirken lassen. Und dann gibt es wieder frauen ab 40 oder \u00e4lter, die trotz mehrerer Kinder aussehen, wie das bl\u00fchende Leben.<br \/>\nEs gibt bestimmte Zeitpunkte im Leben, da halten wir inne und lassen alles Revue passieren&#8230;wo waren wir?&#8230;wo sind wir nun?&#8230;.und wo wollen wir hin?<br \/>\nIst es wirklich das Alter oder Veranlagung, wie wir mit der Zeit uns \u00e4u\u00dferlich entwickeln?<br \/>\nIch sage mal, dass die Einstellung eine wesentliche Rolle spielt dabei und mit 50 kann ich mich noch genauso gut f\u00fchlen, wie mit 30! Worte wie &#8222;Lebensfreude&#8220;, &#8222;Spass&#8220;, &#8222;Lachen&#8220;, &#8222;Freunde&#8220;,&#8230; sind genauso aktuell, wie unser t\u00e4gliches Brot&#8230;unser Lebens und Fitelexier..auch unseren K\u00f6rper zu f\u00fchlen und ihn zu integrieren in unser Sein geh\u00f6rt dazu&#8230;.das Lachen&#8230;das Atmen und Wachsen..<br \/>\nWehwehchens, die im Laufe der Zeit kommen m\u00fcssen nicht sein. (Die Schmerzen, die ich JETZT habe, hatte ich mit 25 auch)\u00a0 und auch wenn nun die Zeit knapper wird und andere Menschen in unserem Leben sehr viel Zeit einfordern, so brauchen wir auf uns selbst nicht zu vergessen. Sei es nun Bewegung, Ern\u00e4hrung oder einfach Dinge, die uns Freude machen, egal, wie alt wir sind. All das h\u00e4lt geistig und k\u00fcrperlich fit.<br \/>\nNein, ich bin selber keine Sportskanone und k\u00f6nnte noch ges\u00fcnder leben und essen. Aber ich habe mein L\u00e4cheln, meine Liebe und meinen Optimismus und meine Pl\u00e4ne und Tr\u00e4ume f\u00fcr jetzt und die Zukunft \ud83d\ude42<br \/>\nIch f\u00fchle mich mit meinem jetz\u00edgen Alter auch sehr wohl und m\u00f6chte auch zb gar nicht mehr j\u00fcnger sein. Die Zeit damals war sehr sch\u00f6n und aufregend aber JETZT lebe ich und das immer bewu\u00dfter und mit mehr Freiheiten<\/p>\n<p>(Foto von <a href=\"http:\/\/hierundjetzt-hierundjetzt.blogspot.com\/\" target=\"_blank\">Jrene<\/a>)<\/p>\n","protected":false},"excerpt":{"rendered":"<p>\u00a0 \u00a0 \u00a0 \u00a0 \u00a0 \u00a0 \u00a0 \u00a0 \u00a0 \u00a0 \u00a0 \u00a0 Immer mal wieder bekomme ich S\u00e4tze, wie zb\u00a0 &#8222;ach, so jung, wie du, da war alles noch besser&#8220;, &#8222;so jung m\u00f6chte ich auch nochmal sein&#8220;,&#8230;.usw. Es ist klar, dass gerne auf j\u00fcngere Menschen geschaut wird und man sich dann erinnert, wie wir in [&hellip;]<\/p>\n","protected":false},"author":1,"featured_media":0,"comment_status":"open","ping_status":"open","sticky":false,"template":"","format":"standard","meta":[],"categories":[653,62,63,5],"tags":[813,615,351,815,814,812,45,234,71,519],"_links":{"self":[{"href":"http:\/\/blog.babsib.at\/index.php\/wp-json\/wp\/v2\/posts\/1761"}],"collection":[{"href":"http:\/\/blog.babsib.at\/index.php\/wp-json\/wp\/v2\/posts"}],"about":[{"href":"http:\/\/blog.babsib.at\/index.php\/wp-json\/wp\/v2\/types\/post"}],"author":[{"embeddable":true,"href":"http:\/\/blog.babsib.at\/index.php\/wp-json\/wp\/v2\/users\/1"}],"replies":[{"embeddable":true,"href":"http:\/\/blog.babsib.at\/index.php\/wp-json\/wp\/v2\/comments?post=1761"}],"version-history":[{"count":8,"href":"http:\/\/blog.babsib.at\/index.php\/wp-json\/wp\/v2\/posts\/1761\/revisions"}],"predecessor-version":[{"id":1763,"href":"http:\/\/blog.babsib.at\/index.php\/wp-json\/wp\/v2\/posts\/1761\/revisions\/1763"}],"wp:attachment":[{"href":"http:\/\/blog.babsib.at\/index.php\/wp-json\/wp\/v2\/media?parent=1761"}],"wp:term":[{"taxonomy":"category","embeddable":true,"href":"http:\/\/blog.babsib.at\/index.php\/wp-json\/wp\/v2\/categories?post=1761"},{"taxonomy":"post_tag","embeddable":true,"href":"http:\/\/blog.babsib.at\/index.php\/wp-json\/wp\/v2\/tags?post=1761"}],"curies":[{"name":"wp","href":"https:\/\/api.w.org\/{rel}","templated":true}]}}