{"id":1798,"date":"2010-09-13T21:57:12","date_gmt":"2010-09-13T19:57:12","guid":{"rendered":"http:\/\/blog.babsib.at\/?p=1798"},"modified":"2010-09-14T07:52:49","modified_gmt":"2010-09-14T05:52:49","slug":"glaube","status":"publish","type":"post","link":"http:\/\/blog.babsib.at\/index.php\/2010\/09\/13\/glaube\/","title":{"rendered":"Glaube"},"content":{"rendered":"<p><a href=\"http:\/\/blog.babsib.at\/wp-content\/uploads\/2010\/09\/Froschkarte_blau.jpg\" rel=\"lightbox\"><img decoding=\"async\" loading=\"lazy\" class=\"alignleft size-medium wp-image-1799\" title=\"Froschkarte_blau\" src=\"http:\/\/blog.babsib.at\/wp-content\/uploads\/2010\/09\/Froschkarte_blau-300x225.jpg\" alt=\"Froschkarte_blau\" width=\"300\" height=\"225\" srcset=\"http:\/\/blog.babsib.at\/wp-content\/uploads\/2010\/09\/Froschkarte_blau-300x225.jpg 300w, http:\/\/blog.babsib.at\/wp-content\/uploads\/2010\/09\/Froschkarte_blau.jpg 400w\" sizes=\"(max-width: 300px) 100vw, 300px\" \/><\/a><\/p>\n<p>\u00a0<\/p>\n<p>\u00a0<\/p>\n<p>\u00a0<\/p>\n<p>\u00a0<\/p>\n<p>\u00a0<\/p>\n<p>\u00a0<\/p>\n<p>\u00a0<\/p>\n<p>\u00a0<\/p>\n<p>\u00a0<\/p>\n<p>\u00a0<\/p>\n<p>\u00a0<\/p>\n<p>\u00a0<\/p>\n<p>\u00a0<\/p>\n<p>Die Angst macht unfrei, der Glaube frei.<br \/>\nDie Angst l\u00e4hmt, der Glaube gibt Kraft.<br \/>\nDie Angst macht mutlos, der Glaube ermutigt<br \/>\nDie Angst macht krank, der Glaube heilt.<br \/>\nDie Angst macht untauglich, der Glaube tauglich.<\/p>\n<p>(Ralph Waldo Emerson)<\/p>\n<p>Die Angst macht \u00e4ngstlich und unsicher, der Glaube st\u00e4rkt&#8230;besonders der Glaube an und in uns. Ich f\u00fchle mich getragen und best\u00e4rkt durch ihn&#8230;und meine W\u00fcnsche bekommen neue Kraft.<br \/>\nIch habe mit der Zeit meinen Glauben gefunden und schon einiges erreichen k\u00f6nnen. Es war\u00a0 hart und doch sehr entscheidend f\u00fcr die Richtung, die ich nun gehe.<br \/>\nIch w\u00fcnsche jedem diesen Glauben, das zu tun, was sich gut und richtig anf\u00fchlt<br \/>\n(<a href=\"http:\/\/www.pixelio.de\">www.pixelio.de<\/a>, g\u00e4nsebl\u00fcmchen)<\/p>\n","protected":false},"excerpt":{"rendered":"<p>\u00a0 \u00a0 \u00a0 \u00a0 \u00a0 \u00a0 \u00a0 \u00a0 \u00a0 \u00a0 \u00a0 \u00a0 \u00a0 Die Angst macht unfrei, der Glaube frei. Die Angst l\u00e4hmt, der Glaube gibt Kraft. Die Angst macht mutlos, der Glaube ermutigt Die Angst macht krank, der Glaube heilt. Die Angst macht untauglich, der Glaube tauglich. (Ralph Waldo Emerson) Die Angst macht \u00e4ngstlich [&hellip;]<\/p>\n","protected":false},"author":1,"featured_media":0,"comment_status":"open","ping_status":"open","sticky":false,"template":"","format":"standard","meta":[],"categories":[121],"tags":[423,118,309,783,147],"_links":{"self":[{"href":"http:\/\/blog.babsib.at\/index.php\/wp-json\/wp\/v2\/posts\/1798"}],"collection":[{"href":"http:\/\/blog.babsib.at\/index.php\/wp-json\/wp\/v2\/posts"}],"about":[{"href":"http:\/\/blog.babsib.at\/index.php\/wp-json\/wp\/v2\/types\/post"}],"author":[{"embeddable":true,"href":"http:\/\/blog.babsib.at\/index.php\/wp-json\/wp\/v2\/users\/1"}],"replies":[{"embeddable":true,"href":"http:\/\/blog.babsib.at\/index.php\/wp-json\/wp\/v2\/comments?post=1798"}],"version-history":[{"count":4,"href":"http:\/\/blog.babsib.at\/index.php\/wp-json\/wp\/v2\/posts\/1798\/revisions"}],"predecessor-version":[{"id":1802,"href":"http:\/\/blog.babsib.at\/index.php\/wp-json\/wp\/v2\/posts\/1798\/revisions\/1802"}],"wp:attachment":[{"href":"http:\/\/blog.babsib.at\/index.php\/wp-json\/wp\/v2\/media?parent=1798"}],"wp:term":[{"taxonomy":"category","embeddable":true,"href":"http:\/\/blog.babsib.at\/index.php\/wp-json\/wp\/v2\/categories?post=1798"},{"taxonomy":"post_tag","embeddable":true,"href":"http:\/\/blog.babsib.at\/index.php\/wp-json\/wp\/v2\/tags?post=1798"}],"curies":[{"name":"wp","href":"https:\/\/api.w.org\/{rel}","templated":true}]}}