{"id":2329,"date":"2011-11-06T01:05:50","date_gmt":"2011-11-06T00:05:50","guid":{"rendered":"http:\/\/blog.babsib.at\/?p=2329"},"modified":"2011-11-06T01:07:34","modified_gmt":"2011-11-06T00:07:34","slug":"zeit-der-ruhe","status":"publish","type":"post","link":"http:\/\/blog.babsib.at\/index.php\/2011\/11\/06\/zeit-der-ruhe\/","title":{"rendered":"Zeit der Ruhe"},"content":{"rendered":"<p>Langsam, ganz langsam<br \/>\nlegt sie ab das bunte Kleid<br \/>\nund zeigt uns ihre goldene Seite<br \/>\nbevor es langsam still wird<\/p>\n<p>Enger zusammenr\u00fccken<br \/>\ngenie\u00dfen, die W\u00e4rme in und um uns herum<br \/>\nsie bleibt uns erhalten<br \/>\nIMMER<\/p>\n<p>Die tage werden k\u00fcrzer, die Sonne zeigt sich weniger und viele Menschen sitzen mit Rotz- und Schniefnasen in den Bahnen. Kein Zweifel, nun beginnt wieder die kalte Zeit. Die fr\u00fche Dunkelheit ist f\u00fcr mich noch etwas verwirrend. Mein K\u00f6rper stellt sich ein auf mehr Ruhe, l\u00e4ngere Spazierg\u00e4nge fallen mir im Moment etwas schwerer, bei Grau in Grau mu\u00df ich mich doch manchmal motivieren, etwas Frischluft zu tanken und den Kreislauf wieder in Schwung zu bringen.<br \/>\nEs beginnt gleichzeitig auch eine Zeit der Gem\u00fctlichkeit. Eine Tasse hei\u00dfen Tee bei Kerzenlicht, das Einkuscheln in die geliebte Kuscheldecke, ein gutes Buch, die Zeit mit lieben Menschen verbringen,\u2026.<br \/>\nVorfreude das n\u00e4chste Monat, was dieses mal ganz besonders werden wird, Vorbereitungen rund um Advent, Weihnachten (oja, in den Gesch\u00e4ften gibt\u2019s schon viel Weihnachtssachen)<br \/>\nIch genie\u00dfe diese zeit, auch (oder gerade weil) ich viel unterwegs bin, viel erlebe und erfahre und lerne\u2026um dann die Ruhepausen noch intensiver auszukosten. Einfach Atmen, sich treiben lassen vom Herbstwind\u2026in eine Zeit der Ruhe und Besinnlichkeit.<\/p>\n<p>PS: Ich m\u00f6chte gerne, wenn es meine Zeit erlaubt, wieder einen Adventkalender (wie letztes Jahr) versuchen und wollte mal schauen, wie das Interesse ist *lach* Auch Anregungen, Aufregungen und Gedichte usw sind willkommen. <a href=\"http:\/\/babsib.at\/kalender\/advent3.swf\" target=\"_blank\">HIER<\/a> ein Beispiel eines T\u00fcrchens vom letzten Jahr (Flash)<\/p>\n<p><a href=\"http:\/\/blog.babsib.at\/wp-content\/uploads\/2011\/11\/herbstlich11.jpg\" rel=\"lightbox\"><img decoding=\"async\" loading=\"lazy\" class=\"alignleft size-medium wp-image-2330\" title=\"herbstlich11\" src=\"http:\/\/blog.babsib.at\/wp-content\/uploads\/2011\/11\/herbstlich11-300x256.jpg\" alt=\"\" width=\"300\" height=\"256\" srcset=\"http:\/\/blog.babsib.at\/wp-content\/uploads\/2011\/11\/herbstlich11-300x256.jpg 300w, http:\/\/blog.babsib.at\/wp-content\/uploads\/2011\/11\/herbstlich11.jpg 320w\" sizes=\"(max-width: 300px) 100vw, 300px\" \/><\/a><\/p>\n","protected":false},"excerpt":{"rendered":"<p>Langsam, ganz langsam legt sie ab das bunte Kleid und zeigt uns ihre goldene Seite bevor es langsam still wird Enger zusammenr\u00fccken genie\u00dfen, die W\u00e4rme in und um uns herum sie bleibt uns erhalten IMMER Die tage werden k\u00fcrzer, die Sonne zeigt sich weniger und viele Menschen sitzen mit Rotz- und Schniefnasen in den Bahnen. [&hellip;]<\/p>\n","protected":false},"author":1,"featured_media":0,"comment_status":"open","ping_status":"open","sticky":false,"template":"","format":"standard","meta":[],"categories":[5,158],"tags":[922,1122,1121,441,227,1120,183,1119,1118,647],"_links":{"self":[{"href":"http:\/\/blog.babsib.at\/index.php\/wp-json\/wp\/v2\/posts\/2329"}],"collection":[{"href":"http:\/\/blog.babsib.at\/index.php\/wp-json\/wp\/v2\/posts"}],"about":[{"href":"http:\/\/blog.babsib.at\/index.php\/wp-json\/wp\/v2\/types\/post"}],"author":[{"embeddable":true,"href":"http:\/\/blog.babsib.at\/index.php\/wp-json\/wp\/v2\/users\/1"}],"replies":[{"embeddable":true,"href":"http:\/\/blog.babsib.at\/index.php\/wp-json\/wp\/v2\/comments?post=2329"}],"version-history":[{"count":3,"href":"http:\/\/blog.babsib.at\/index.php\/wp-json\/wp\/v2\/posts\/2329\/revisions"}],"predecessor-version":[{"id":2332,"href":"http:\/\/blog.babsib.at\/index.php\/wp-json\/wp\/v2\/posts\/2329\/revisions\/2332"}],"wp:attachment":[{"href":"http:\/\/blog.babsib.at\/index.php\/wp-json\/wp\/v2\/media?parent=2329"}],"wp:term":[{"taxonomy":"category","embeddable":true,"href":"http:\/\/blog.babsib.at\/index.php\/wp-json\/wp\/v2\/categories?post=2329"},{"taxonomy":"post_tag","embeddable":true,"href":"http:\/\/blog.babsib.at\/index.php\/wp-json\/wp\/v2\/tags?post=2329"}],"curies":[{"name":"wp","href":"https:\/\/api.w.org\/{rel}","templated":true}]}}