{"id":2427,"date":"2012-08-06T13:50:29","date_gmt":"2012-08-06T11:50:29","guid":{"rendered":"http:\/\/blog.babsib.at\/?p=2427"},"modified":"2012-08-06T13:50:29","modified_gmt":"2012-08-06T11:50:29","slug":"rehab-2012","status":"publish","type":"post","link":"http:\/\/blog.babsib.at\/index.php\/2012\/08\/06\/rehab-2012\/","title":{"rendered":"Rehab 2012"},"content":{"rendered":"<p>Ein Jahr ist es her, dass ich auf Rehab in Bad Pirawarth war. Genau ein Jahr sp\u00e4ter sitze ich wieder hier in meinem kleinen Zimmer und bin sozusgen schon mitten drin in weiteren intensiven 4 Wochen Training, Therapie, Entspannung und neuen Erfahrungen. Dies ist eine Zeit, nur f\u00fcr mich!!! Auch, wenn ich mir zum Gl\u00fcck auch im Alltag viel Zeit nehmen kann, hier gibt es ein f\u00fcr mich individuelles Programm mit dem Ziel, wieder etwas mehr Selbstst\u00e4ndigkeit und Sicherheit nach Hause mitzunehmen.<\/p>\n<p>Dieses Jahr hab ich schon dem August sehr entgegen gefiebert. Ich hab schon in den letzten Wochen zunehmend mehr Unsicherheiten in meinen Bewegungsabl\u00e4ufen gefunden. Nicht mal mehr eine einfache Stufe geht ohne anhalten. Es ist, als ob meine Beine komplett blockieren, sie wollen einfach nicht. Der Alltag war schon schwierig.<br \/>\nNun bin ich 5 Tage hier (davon 3 Tage Therapie) und ich merke, wie langsam die Kraft und der Schwung in und um mir herum wieder zur\u00fcckkommt, Langsam, seehr langsam, es f\u00e4llt schwer, nicht ungeduldig mit mir zu werden. Der Druck, den ich mir selber mache wird weniger, wenn ich bewusst die kleinen Schritte, die ich setze und auch erreiche genie\u00dfe und auch zelebriere. Hier bestimme ich mein Tempo und lerne trotzdem auch mal an meinen Grenzen zu r\u00fctteln.<\/p>\n<p>Der t\u00e4gliche Austausch mit anderen Patienten, Therapeuten und \u00c4rzten zeigt mir neue Blickwinkel. Viele sind dankbar, hier die Chance auf Genesung physischer und auch psychische Herausforderungen zu erhalten. Viele kommen j\u00e4hrlich hier her. Ich bin \u00fcberrascht, dass sich auch noch so einige an mich erinnern konnten.<\/p>\n<p>Mein Tag besteht neben Ergo- und Physiotherapie auch aus Bewegungskoordinationsprogrammen, Wassertherapien, Massagen und gezieltem Training f\u00fcr Hand und Fu\u00df. Heute durfte ich zum ersten Mal aufs Laufband, eine \u00dcbung f\u00fcrs Gleichgewicht und Verbesserung des Gangbildes. Und wieder hat sich gezeigt, dass meine Neugierde und optimistische Einstellung das richtige ist, um erste Erfolge zu verzeichnen.<\/p>\n<p>Ich freu mich auf das, was noch vor mir liegt und werde sicher \u00fcber das eine oder andere berichten.<\/p>\n","protected":false},"excerpt":{"rendered":"<p>Ein Jahr ist es her, dass ich auf Rehab in Bad Pirawarth war. Genau ein Jahr sp\u00e4ter sitze ich wieder hier in meinem kleinen Zimmer und bin sozusgen schon mitten drin in weiteren intensiven 4 Wochen Training, Therapie, Entspannung und neuen Erfahrungen. Dies ist eine Zeit, nur f\u00fcr mich!!! Auch, wenn ich mir zum Gl\u00fcck [&hellip;]<\/p>\n","protected":false},"author":1,"featured_media":0,"comment_status":"open","ping_status":"open","sticky":false,"template":"","format":"standard","meta":[],"categories":[62,63,5],"tags":[862,1033,1169,350,1171,1052,151,1170,113,1173,70,71,317,1172],"_links":{"self":[{"href":"http:\/\/blog.babsib.at\/index.php\/wp-json\/wp\/v2\/posts\/2427"}],"collection":[{"href":"http:\/\/blog.babsib.at\/index.php\/wp-json\/wp\/v2\/posts"}],"about":[{"href":"http:\/\/blog.babsib.at\/index.php\/wp-json\/wp\/v2\/types\/post"}],"author":[{"embeddable":true,"href":"http:\/\/blog.babsib.at\/index.php\/wp-json\/wp\/v2\/users\/1"}],"replies":[{"embeddable":true,"href":"http:\/\/blog.babsib.at\/index.php\/wp-json\/wp\/v2\/comments?post=2427"}],"version-history":[{"count":1,"href":"http:\/\/blog.babsib.at\/index.php\/wp-json\/wp\/v2\/posts\/2427\/revisions"}],"predecessor-version":[{"id":2428,"href":"http:\/\/blog.babsib.at\/index.php\/wp-json\/wp\/v2\/posts\/2427\/revisions\/2428"}],"wp:attachment":[{"href":"http:\/\/blog.babsib.at\/index.php\/wp-json\/wp\/v2\/media?parent=2427"}],"wp:term":[{"taxonomy":"category","embeddable":true,"href":"http:\/\/blog.babsib.at\/index.php\/wp-json\/wp\/v2\/categories?post=2427"},{"taxonomy":"post_tag","embeddable":true,"href":"http:\/\/blog.babsib.at\/index.php\/wp-json\/wp\/v2\/tags?post=2427"}],"curies":[{"name":"wp","href":"https:\/\/api.w.org\/{rel}","templated":true}]}}