{"id":466,"date":"2009-03-12T19:21:57","date_gmt":"2009-03-12T18:21:57","guid":{"rendered":"http:\/\/blog.babsib.at\/?p=466"},"modified":"2009-03-12T19:29:09","modified_gmt":"2009-03-12T18:29:09","slug":"blumengruss-stockchen","status":"publish","type":"post","link":"http:\/\/blog.babsib.at\/index.php\/2009\/03\/12\/blumengruss-stockchen\/","title":{"rendered":"Blumengruss St\u00f6ckchen"},"content":{"rendered":"<p><a href=\"http:\/\/blog.babsib.at\/wp-content\/uploads\/2009\/03\/hornveilchen2.jpg\" rel=\"lightbox\"><img decoding=\"async\" loading=\"lazy\" class=\"alignleft size-medium wp-image-467\" title=\"hornveilchen2\" src=\"http:\/\/blog.babsib.at\/wp-content\/uploads\/2009\/03\/hornveilchen2-199x300.jpg\" alt=\"hornveilchen2\" width=\"199\" height=\"300\" srcset=\"http:\/\/blog.babsib.at\/wp-content\/uploads\/2009\/03\/hornveilchen2-199x300.jpg 199w, http:\/\/blog.babsib.at\/wp-content\/uploads\/2009\/03\/hornveilchen2.jpg 246w\" sizes=\"(max-width: 199px) 100vw, 199px\" \/><\/a><\/p>\n<p>\u00a0<\/p>\n<p>\u00a0<\/p>\n<p>\u00a0<\/p>\n<p>\u00a0<\/p>\n<p>\u00a0<\/p>\n<p>\u00a0<\/p>\n<p>\u00a0<\/p>\n<p>\u00a0<\/p>\n<p>\u00a0<\/p>\n<p>\u00a0<\/p>\n<p>Ich habe einen ganz ganz lieben Gruss von <a href=\"http:\/\/www.chakrablog.de\/\" target=\"_blank\">Dori<\/a> erhalten und sage herzlich DANKE :-))))<\/p>\n<p>Hier k\u00e4mpft gerade so die Sonne mit den Wolken und der Fr\u00fchling l\u00e4\u00dft auf sich warten.Besonders abends und fr\u00fch ist es f\u00fcr mich als Frostbeulchen hart und ich freu mich sehr \u00fcber den duftenden Gruss.<\/p>\n<p>tja nun soll ich den Blumenstrauss auch weiterreichen.am liebsten gern jeden, der mich hier besucht aber ganz besonders m\u00f6chte ich ihn der lieben <a href=\"http:\/\/hierundjetzt-hierundjetzt.blogspot.com\/\" target=\"_blank\">Jrene<\/a>, der lieben <a href=\"http:\/\/nina-allerleiausdemalltag.blogspot.com\/\" target=\"_blank\">Nina<\/a> und de lieben <a href=\"http:\/\/www.mrm-mainz.de\/\" target=\"_blank\">Martina\u00a0<\/a>weiterreichen und wie gesagt allen lieben Blogfreunden<\/p>\n<p>Ich w\u00fcnsche euch viel Freude damit und dass der Fr\u00fchling wirklich bald auch zu euch kommt!!!<\/p>\n","protected":false},"excerpt":{"rendered":"<p>\u00a0 \u00a0 \u00a0 \u00a0 \u00a0 \u00a0 \u00a0 \u00a0 \u00a0 \u00a0 Ich habe einen ganz ganz lieben Gruss von Dori erhalten und sage herzlich DANKE :-)))) Hier k\u00e4mpft gerade so die Sonne mit den Wolken und der Fr\u00fchling l\u00e4\u00dft auf sich warten.Besonders abends und fr\u00fch ist es f\u00fcr mich als Frostbeulchen hart und ich freu mich [&hellip;]<\/p>\n","protected":false},"author":1,"featured_media":0,"comment_status":"open","ping_status":"open","sticky":false,"template":"","format":"standard","meta":[],"categories":[1],"tags":[114,89],"_links":{"self":[{"href":"http:\/\/blog.babsib.at\/index.php\/wp-json\/wp\/v2\/posts\/466"}],"collection":[{"href":"http:\/\/blog.babsib.at\/index.php\/wp-json\/wp\/v2\/posts"}],"about":[{"href":"http:\/\/blog.babsib.at\/index.php\/wp-json\/wp\/v2\/types\/post"}],"author":[{"embeddable":true,"href":"http:\/\/blog.babsib.at\/index.php\/wp-json\/wp\/v2\/users\/1"}],"replies":[{"embeddable":true,"href":"http:\/\/blog.babsib.at\/index.php\/wp-json\/wp\/v2\/comments?post=466"}],"version-history":[{"count":3,"href":"http:\/\/blog.babsib.at\/index.php\/wp-json\/wp\/v2\/posts\/466\/revisions"}],"predecessor-version":[{"id":470,"href":"http:\/\/blog.babsib.at\/index.php\/wp-json\/wp\/v2\/posts\/466\/revisions\/470"}],"wp:attachment":[{"href":"http:\/\/blog.babsib.at\/index.php\/wp-json\/wp\/v2\/media?parent=466"}],"wp:term":[{"taxonomy":"category","embeddable":true,"href":"http:\/\/blog.babsib.at\/index.php\/wp-json\/wp\/v2\/categories?post=466"},{"taxonomy":"post_tag","embeddable":true,"href":"http:\/\/blog.babsib.at\/index.php\/wp-json\/wp\/v2\/tags?post=466"}],"curies":[{"name":"wp","href":"https:\/\/api.w.org\/{rel}","templated":true}]}}