{"id":617,"date":"2009-05-07T20:25:03","date_gmt":"2009-05-07T18:25:03","guid":{"rendered":"http:\/\/blog.babsib.at\/?p=617"},"modified":"2009-05-07T21:25:38","modified_gmt":"2009-05-07T19:25:38","slug":"blogparadeintuition","status":"publish","type":"post","link":"http:\/\/blog.babsib.at\/index.php\/2009\/05\/07\/blogparadeintuition\/","title":{"rendered":"Blogparade:Intuition"},"content":{"rendered":"<p><a href=\"http:\/\/blog.babsib.at\/wp-content\/uploads\/2009\/05\/intuition.jpg\" rel=\"lightbox\"><img decoding=\"async\" loading=\"lazy\" class=\"alignleft size-medium wp-image-618\" title=\"intuition\" src=\"http:\/\/blog.babsib.at\/wp-content\/uploads\/2009\/05\/intuition-300x176.jpg\" alt=\"intuition\" width=\"300\" height=\"176\" srcset=\"http:\/\/blog.babsib.at\/wp-content\/uploads\/2009\/05\/intuition-300x176.jpg 300w, http:\/\/blog.babsib.at\/wp-content\/uploads\/2009\/05\/intuition.jpg 616w\" sizes=\"(max-width: 300px) 100vw, 300px\" \/><\/a><\/p>\n<p>\u00a0<\/p>\n<p>\u00a0<\/p>\n<p>\u00a0<\/p>\n<p>\u00a0<\/p>\n<p>\u00a0<\/p>\n<p>\u00a0<\/p>\n<p>Gaba hat zu einer<a href=\"http:\/\/gaba-ultramind.blogspot.com\/2009\/04\/blogparade-und-umfrage-intuition.html\" target=\"_self\"> Blogparade<\/a> zum Thema &#8222;Intuition&#8220; aufgerufen. F\u00fcr mich ein sehr spannendes, komplexes aber auch sehr aktuelles Thema.<\/p>\n<p>3 Fragen sind gestellt worden:<\/p>\n<p><span style=\"color: #333399;\"><strong><span style=\"color: #cc99ff;\">1.) Wie sieht es mit der Akzeptanz und dem Bewusstsein in Bezug auf sinnliche\u00a0\u00a0 Wahrnehmung aus?<br \/>\n2.) Hast Du eigene Erfahrungen mit Deiner Intuition (Hellsichtigkeit) machen k\u00f6nnen?<br \/>\n3.) Benutzt Du Deine Intuition bewusst im Alltag?<br \/>\n4.) Wie weit vertraust Du Deinen sinnlichen Wahrnehmungen?<\/span><\/strong><\/span><\/p>\n<p>Ich fange erst jetzt so richtig an, meine innere Stimme bewu\u00dfter wahrzunehmen. Fr\u00fcher habe ich sie zuwenig wahrgenommen. Sie war da, ich wu\u00dfte es und sp\u00fcrte sie jedoch war ich nicht in der Lage, DIESER Stimme auch eine Stimme zu geben..MEINE Stimme.\u00a0 Die Stimmen anderer hallten mir noch zu sehr im Kopf, dass ich doch keine Ahnung h\u00e4tte vom Leben und lieber andere machen lassen soll. Ich merkte es immer sehr schnell, wenn eine Freundschaft zu Ende ging&#8230;dieses Gef\u00fchl der Unruhe obwohl \u00e4u\u00dferlich alles in Ordnung chien. Im nachhinein k\u00f6nnte man sagen, dass ich es heraufbeschworen habe, allein durch me\u00edne Gedanken.<\/p>\n<p>In den letzten Monaten habe ich mein Bauchgef\u00fchl \u00f6fters schon sprechen lassen. Ich sp\u00fcre langsam Vertrauen in meine Stimme aufzubauen. Sie war es, die mir gezeigt hat, dass mein Weg nicht der richtige f\u00fcr mich ist. Sie hat mir gesagt, dass es GUT ist (obwohl andere sagten es ist NICHT gut) eine Ausbildung zu machen, die nicht den Stand der Uni hat aber daf\u00fcr das lehrt, was mich interessiert..und intuitiv wei\u00df ich auch, dass dies f\u00fcr MICH das beste ist, was ich machen konnte. Mein ERleben gibt mir Recht mit allem, was ich zur Zeit erfahre, welche Kontakte und Begleiter nun in meinem Leben stehen und wie mein Vertrauen in MICH wieder w\u00e4chst.<\/p>\n<p>Ich m\u00f6chte meine Intuition weiter n\u00e4hren und immer lauter werden lassen..solang bis ich eines Tages aus vollem Herzen JA zu ihr sagen kann.<\/p>\n<p>Ich selber nehme mich als sehr feinf\u00fchlig wahr- \u00fcbersensibel, wie gern mal bei mir tutuliert wird- und suche noch meine Mitte, diese auch gut einsetzen zu k\u00f6nnen bei mir und anderen. Aber damit konnte ich schon das Herz mancher Menschen \u00f6ffnen, die andere schon aufgegeben hatten.<\/p>\n<p>Dia Antworten auf meine Fragen wei\u00df ich selber schon am Besten auch wenn ich immer wieder nach Best\u00e4tigung von au\u00dfen suche.<\/p>\n<p>je mehr ich mir selber vertraue, desto sicherer bewege ich mich&#8230;und mit kleinen schritten hoffentlich immer weiter und weiter..und lerne, mir Zeit und Raum zu geben.<\/p>\n","protected":false},"excerpt":{"rendered":"<p>\u00a0 \u00a0 \u00a0 \u00a0 \u00a0 \u00a0 Gaba hat zu einer Blogparade zum Thema &#8222;Intuition&#8220; aufgerufen. F\u00fcr mich ein sehr spannendes, komplexes aber auch sehr aktuelles Thema. 3 Fragen sind gestellt worden: 1.) Wie sieht es mit der Akzeptanz und dem Bewusstsein in Bezug auf sinnliche\u00a0\u00a0 Wahrnehmung aus? 2.) Hast Du eigene Erfahrungen mit Deiner Intuition [&hellip;]<\/p>\n","protected":false},"author":1,"featured_media":0,"comment_status":"open","ping_status":"open","sticky":false,"template":"","format":"standard","meta":[],"categories":[1,62,5],"tags":[22,171,37,133,170,172],"_links":{"self":[{"href":"http:\/\/blog.babsib.at\/index.php\/wp-json\/wp\/v2\/posts\/617"}],"collection":[{"href":"http:\/\/blog.babsib.at\/index.php\/wp-json\/wp\/v2\/posts"}],"about":[{"href":"http:\/\/blog.babsib.at\/index.php\/wp-json\/wp\/v2\/types\/post"}],"author":[{"embeddable":true,"href":"http:\/\/blog.babsib.at\/index.php\/wp-json\/wp\/v2\/users\/1"}],"replies":[{"embeddable":true,"href":"http:\/\/blog.babsib.at\/index.php\/wp-json\/wp\/v2\/comments?post=617"}],"version-history":[{"count":4,"href":"http:\/\/blog.babsib.at\/index.php\/wp-json\/wp\/v2\/posts\/617\/revisions"}],"predecessor-version":[{"id":622,"href":"http:\/\/blog.babsib.at\/index.php\/wp-json\/wp\/v2\/posts\/617\/revisions\/622"}],"wp:attachment":[{"href":"http:\/\/blog.babsib.at\/index.php\/wp-json\/wp\/v2\/media?parent=617"}],"wp:term":[{"taxonomy":"category","embeddable":true,"href":"http:\/\/blog.babsib.at\/index.php\/wp-json\/wp\/v2\/categories?post=617"},{"taxonomy":"post_tag","embeddable":true,"href":"http:\/\/blog.babsib.at\/index.php\/wp-json\/wp\/v2\/tags?post=617"}],"curies":[{"name":"wp","href":"https:\/\/api.w.org\/{rel}","templated":true}]}}