{"id":676,"date":"2009-05-25T11:19:51","date_gmt":"2009-05-25T09:19:51","guid":{"rendered":"http:\/\/blog.babsib.at\/?p=676"},"modified":"2009-05-27T16:13:36","modified_gmt":"2009-05-27T14:13:36","slug":"ein-leben-mit-einschrankungen-und-chancen","status":"publish","type":"post","link":"http:\/\/blog.babsib.at\/index.php\/2009\/05\/25\/ein-leben-mit-einschrankungen-und-chancen\/","title":{"rendered":"Ein Leben mit Einschr\u00e4nkungen und Chancen?"},"content":{"rendered":"<p><a href=\"http:\/\/blog.babsib.at\/wp-content\/uploads\/2009\/05\/goldkettebabsi.jpg\" rel=\"lightbox\"><img decoding=\"async\" loading=\"lazy\" class=\"alignleft size-thumbnail wp-image-677\" title=\"goldkettebabsi\" src=\"http:\/\/blog.babsib.at\/wp-content\/uploads\/2009\/05\/goldkettebabsi-150x150.jpg\" alt=\"goldkettebabsi\" width=\"150\" height=\"150\" srcset=\"http:\/\/blog.babsib.at\/wp-content\/uploads\/2009\/05\/goldkettebabsi-150x150.jpg 150w, http:\/\/blog.babsib.at\/wp-content\/uploads\/2009\/05\/goldkettebabsi.jpg 240w\" sizes=\"(max-width: 150px) 100vw, 150px\" \/><\/a><\/p>\n<p>\u00a0<\/p>\n<p>\u00a0<\/p>\n<p>\u00a0<\/p>\n<p>\u00a0<\/p>\n<p>\u00a0<\/p>\n<p>Als ich klein war sagte mir eine Leiterin einer Institution f\u00fcr cerebral- bewegungsgest\u00f6rte Kinder und Jugendliche, ich w\u00e4re ein \u201eGrenzfall\u201c; ich bin weder in der Gruppe der \u201eBehinderten\u201c noch der \u201eNormalen\u201c. Dieser Satz wurde mir auch immer wieder vermittelt in meiner Kindheit: In der Klosterschule in der ich zur Volksschulzeit war, wurde mir gesagt, ich w\u00e4re ein Fall der Sonderschule. In den Therapiekursen, Integrationsferienlagern usw dagegen war ich die einzige, die eine \u201eNormale\u201c Schule besuchte. Einige der Kinder (und auch der M\u00fctter) begegneten mir mit sehr viel Neid und auch Hass, da sie durch mich daran erinnert wurden, dass ihr eigenes Kind wohl nie soweit kommen w\u00fcrde.<\/p>\n<p>Die Prognosen bewahrheiteten sich nicht und trotz einmal Sitzenbleibens im Gymnasium und 2 mal Maturaantritt habe ich es geschafft.<br \/>\nDas ist nun alles 10 Jahre her. Heute lebe ich allein in meiner Wohnung und manage mein Leben selbstst\u00e4ndig, so gut es geht. Die Hilfe die ich brauche, organisier ich mir.<br \/>\nDie Erlebnisse in meiner Kindheit bis heute haben zum Teil doch noch einige Wunden hinterlassen, die ich gerade liebevoll versuche zu pflegen.<br \/>\nIch lerne, mich selber anzunehmen und mir das zu Geben, was eigentlich JEDER braucht: ein gesundes Selbstwertgef\u00fchl, ein Selbstannehmen, ein Selbstvertrauen.<\/p>\n<p>Noch immer sto\u00dfe ich an Grenzen, an denen ich mich nicht vorbeimogeln kann- die verletzen- und die mir zeigen, da musst du noch genauer hinschauen.<br \/>\nDa gibt es noch diese Unsicherheit anderen gegen\u00fcber.<br \/>\nDie Wut, wenn ich das Gef\u00fchl habe \u201eversagt\u201c zu haben<br \/>\nDie Schuld, die sich immer wieder einschleicht und die Angst<\/p>\n<p>In diese Gef\u00fchle mischen sich aber auch schon sehr oft Zufriedenheit, Stolz und Freude. Mit jedem Tag, mit jedem Atemzug f\u00fchle ich die Freude,<br \/>\nleben zu d\u00fcrfen,<br \/>\nerfahren zu d\u00fcrfen,<br \/>\ndenken zu d\u00fcrfen,<br \/>\nselbstst\u00e4ndig zu entscheiden, was ich tun m\u00f6chte und wohin ich gehe,<br \/>\nKontakte zu kn\u00fcpfen, in denen es ein ausgewogenes Geben und Nehmen gibt,<br \/>\nmir auch zu erlauben , nicht die perfekte Babsi zu sein und mit anderen mithalten zu wollen<br \/>\nund mir zu erlauben, dass meine Mitmenschen mich wertsch\u00e4tzen k\u00f6nnen ohne\u00a0 Begrenzung auf eine k\u00f6rperliche Einschr\u00e4nkung, die oft nicht mal sichtbar ist\u2026<\/p>\n<p>Auch wenn ich mich noch immer durch R\u00fcckschl\u00e4ge leicht entmutigen lasse, ich habe nun schon viel Kraft gewonnen, immer wieder\u00a0 aufzustehen\u2026z\u00f6gerlich, \u00e4ngstlich\u2026aber konsequent!<\/p>\n<p>Fr\u00fcher einmal dachte ich, in meinem fr\u00fcheren Leben w\u00e4re ich so b\u00f6se gewesen, dass das nun eine Lehre sein m\u00fc\u00dfte. Heute glaube ich zu erkennen, dass ich HIER eine wichtige Erkenntnis machen darf, ja mu\u00df!!<\/p>\n<p>Ich bin auf dem Weg und die Traurigkeit, die ab und an doch kommt so wie JETZT l\u00e4chel ich freundlich an und fl\u00fcstere ihr zu, dass bald, sehr bald wieder die Freude kommt, um sie liebevoll in den Arm zu nehmen&#8230;das Gef\u00fchl der Angst verwandelt sich immer mehr in Zuversicht und Lebensfreude&#8230;.<br \/>\nImmer mehr Tag f\u00fcr Tag<\/p>\n","protected":false},"excerpt":{"rendered":"<p>\u00a0 \u00a0 \u00a0 \u00a0 \u00a0 Als ich klein war sagte mir eine Leiterin einer Institution f\u00fcr cerebral- bewegungsgest\u00f6rte Kinder und Jugendliche, ich w\u00e4re ein \u201eGrenzfall\u201c; ich bin weder in der Gruppe der \u201eBehinderten\u201c noch der \u201eNormalen\u201c. Dieser Satz wurde mir auch immer wieder vermittelt in meiner Kindheit: In der Klosterschule in der ich zur Volksschulzeit [&hellip;]<\/p>\n","protected":false},"author":1,"featured_media":0,"comment_status":"open","ping_status":"open","sticky":false,"template":"","format":"standard","meta":[],"categories":[91,62,63,5],"tags":[22,197,198,118,165,77,101],"_links":{"self":[{"href":"http:\/\/blog.babsib.at\/index.php\/wp-json\/wp\/v2\/posts\/676"}],"collection":[{"href":"http:\/\/blog.babsib.at\/index.php\/wp-json\/wp\/v2\/posts"}],"about":[{"href":"http:\/\/blog.babsib.at\/index.php\/wp-json\/wp\/v2\/types\/post"}],"author":[{"embeddable":true,"href":"http:\/\/blog.babsib.at\/index.php\/wp-json\/wp\/v2\/users\/1"}],"replies":[{"embeddable":true,"href":"http:\/\/blog.babsib.at\/index.php\/wp-json\/wp\/v2\/comments?post=676"}],"version-history":[{"count":5,"href":"http:\/\/blog.babsib.at\/index.php\/wp-json\/wp\/v2\/posts\/676\/revisions"}],"predecessor-version":[{"id":698,"href":"http:\/\/blog.babsib.at\/index.php\/wp-json\/wp\/v2\/posts\/676\/revisions\/698"}],"wp:attachment":[{"href":"http:\/\/blog.babsib.at\/index.php\/wp-json\/wp\/v2\/media?parent=676"}],"wp:term":[{"taxonomy":"category","embeddable":true,"href":"http:\/\/blog.babsib.at\/index.php\/wp-json\/wp\/v2\/categories?post=676"},{"taxonomy":"post_tag","embeddable":true,"href":"http:\/\/blog.babsib.at\/index.php\/wp-json\/wp\/v2\/tags?post=676"}],"curies":[{"name":"wp","href":"https:\/\/api.w.org\/{rel}","templated":true}]}}