{"id":818,"date":"2009-07-09T23:34:05","date_gmt":"2009-07-09T21:34:05","guid":{"rendered":"http:\/\/blog.babsib.at\/?p=818"},"modified":"2009-07-10T08:32:26","modified_gmt":"2009-07-10T06:32:26","slug":"frau-sein","status":"publish","type":"post","link":"http:\/\/blog.babsib.at\/index.php\/2009\/07\/09\/frau-sein\/","title":{"rendered":"Frau sein"},"content":{"rendered":"<p><a href=\"http:\/\/blog.babsib.at\/wp-content\/uploads\/2009\/07\/regenbogenfrau.jpg\" rel=\"lightbox\"><img decoding=\"async\" loading=\"lazy\" class=\"alignleft size-medium wp-image-819\" title=\"regenbogenfrau\" src=\"http:\/\/blog.babsib.at\/wp-content\/uploads\/2009\/07\/regenbogenfrau-300x168.jpg\" alt=\"regenbogenfrau\" width=\"300\" height=\"168\" srcset=\"http:\/\/blog.babsib.at\/wp-content\/uploads\/2009\/07\/regenbogenfrau-300x168.jpg 300w, http:\/\/blog.babsib.at\/wp-content\/uploads\/2009\/07\/regenbogenfrau.jpg 400w\" sizes=\"(max-width: 300px) 100vw, 300px\" \/><\/a><\/p>\n<p>\u00a0<\/p>\n<p>\u00a0<\/p>\n<p>\u00a0<\/p>\n<p>\u00a0<\/p>\n<p>\u00a0<\/p>\n<p>\u00a0<\/p>\n<p>Ich bin<br \/>\nwas mein Herz mir vorgibt<br \/>\nwohin meine Seele mich f\u00fchrt<br \/>\nIch bin das, was ich aus mir mache<br \/>\nIch kann sein, wer und was ich will<\/p>\n<p>Die lieben Powerfrauen\u00a0<a href=\"http:\/\/www.chakrablog.de\/\" target=\"_blank\">Dori<\/a> und <a href=\"http:\/\/andrea2007.wordpress.com\/\" target=\"_blank\">Andrea<\/a> haben sich mit dem Thema \u201eFrau sein\u201c befasst, was mich sehr tief in mich gehen lie\u00df\u2026<br \/>\nIn der Schulzeit gab es sehr viel, womit ich mit den anderen M\u00e4dels nicht mithalten konnte. Ich konnte zum Beispiel lange keine Jeans tragen weil ich nicht in der Lage war, den Knopf zuzumachen, ich konnte nur Turnschuhe tragen und kaum engere Kleidung, trotz meiner \u201eweiblichen Rundungen\u201c war ich keine Frau. Das lie\u00dfen mich die anderen auch deutlich sp\u00fcren. Wenn ich in den Spiegel sah, war ich ein M\u00e4dchen, das \u201eaus der art geschlagen\u201c war\u2026.ich war sehr ungl\u00fccklich mit mir und dem, was ich NICHT konnte und was ich NICHT war.\u00a0 Warum war ich nicht \u201enormal\u201c wenn ich schon in einer Welt leben will, in der alles \u201enormal\u201c ist (zum besseren Verst\u00e4ndnis sei vielleicht <a href=\"http:\/\/blog.babsib.at\/index.php\/2009\/05\/25\/ein-leben-mit-einschrankungen-und-chancen\/\" target=\"_blank\">dieser Beitrag<\/a> noch empfohlen :-))<br \/>\nEin Schl\u00fcsselerlebnis war damals f\u00fcr mich, als meine Freundin mir den Satz sagte:\u201c Babsi, finde dich damit ab, dass du h\u00f6chstwahrscheinlich nie einen \u201enormalen\u201c Freund haben wirst.\u201c<\/p>\n<p>Inzwischen habe ich mich immer mehr mit mir und auch meinem K\u00f6rper und meiner Identit\u00e4t auseinander gesetzt und auch, wenn mich manches mal immer noch gewisse Selbstzweifel plagen:\u00a0 Ich f\u00fchle mich durch und durch als Frau. Eine Frau, die nicht das\u00a0 verk\u00f6rpert was eine Frau laut vieler Meinungen verk\u00f6rpert:<br \/>\nIch bin nicht gertenschlank, ich bin VOLLSCHLANK *g*\u2026wenn ich Kleidung kaufen m\u00f6chte, dann anscheinend oft\u00a0 ZU vollschlank<br \/>\nIch trage keine typischen Ladyschuhe und Handtaschen, sondern suche eher nach etwas Praktischen\u2026etwas dass meinen Bed\u00fcrfnissen entspricht und dennoch gut aussieht<\/p>\n<p>Das alles tue ich, weil es zu mir passt! Das macht f\u00fcr mich auch einen Gro\u00dfteil des Frauseins aus: Ich trage, und lebe genau das, was zu mir passt, denn SO f\u00fchle ich mich wohl\u2026und strahle auch genau das auf andere aus. Trotz meiner kleinen Schw\u00e4chen und vielleicht gerade deswegen weil ich kein Durchschnittstyp bin\u2026.und ich genie\u00dfe die sch\u00f6nen Seiten des Lebens\u2026.als \u201enicht perfekte\u201c FRAU!<\/p>\n<p>Ich stehe heute hier und kann mit einem neuen Selbstwertgef\u00fchl sagen:\u00a0<br \/>\nIch bin ich. nicht &#8222;perfekt2 aber ICH mit ganzem Herzen<\/p>\n<p>Eine Powerfrau, die\u00a0 nur selber noch oft nach ihrer Power graben mu\u00df und langsam freilegt.<\/p>\n<p>Eine Powerfrau, die nach vorne sieht und R\u00fcckschritte nun schneller realisiert und in etwas POsitives verwandeln kann<\/p>\n<p>Eine Powerfrau, die ihren eelengarten nun pflegt und auf ihre eigene Art neue Blumen pflanzt und ihren Weg weitergeht<\/p>\n<p>(Bildquelle: Pixelio)<\/p>\n","protected":false},"excerpt":{"rendered":"<p>\u00a0 \u00a0 \u00a0 \u00a0 \u00a0 \u00a0 Ich bin was mein Herz mir vorgibt wohin meine Seele mich f\u00fchrt Ich bin das, was ich aus mir mache Ich kann sein, wer und was ich will Die lieben Powerfrauen\u00a0Dori und Andrea haben sich mit dem Thema \u201eFrau sein\u201c befasst, was mich sehr tief in mich gehen lie\u00df\u2026 [&hellip;]<\/p>\n","protected":false},"author":1,"featured_media":0,"comment_status":"open","ping_status":"open","sticky":false,"template":"","format":"standard","meta":[],"categories":[91,62,63,5,158],"tags":[67,107,280,282,281,279],"_links":{"self":[{"href":"http:\/\/blog.babsib.at\/index.php\/wp-json\/wp\/v2\/posts\/818"}],"collection":[{"href":"http:\/\/blog.babsib.at\/index.php\/wp-json\/wp\/v2\/posts"}],"about":[{"href":"http:\/\/blog.babsib.at\/index.php\/wp-json\/wp\/v2\/types\/post"}],"author":[{"embeddable":true,"href":"http:\/\/blog.babsib.at\/index.php\/wp-json\/wp\/v2\/users\/1"}],"replies":[{"embeddable":true,"href":"http:\/\/blog.babsib.at\/index.php\/wp-json\/wp\/v2\/comments?post=818"}],"version-history":[{"count":7,"href":"http:\/\/blog.babsib.at\/index.php\/wp-json\/wp\/v2\/posts\/818\/revisions"}],"predecessor-version":[{"id":826,"href":"http:\/\/blog.babsib.at\/index.php\/wp-json\/wp\/v2\/posts\/818\/revisions\/826"}],"wp:attachment":[{"href":"http:\/\/blog.babsib.at\/index.php\/wp-json\/wp\/v2\/media?parent=818"}],"wp:term":[{"taxonomy":"category","embeddable":true,"href":"http:\/\/blog.babsib.at\/index.php\/wp-json\/wp\/v2\/categories?post=818"},{"taxonomy":"post_tag","embeddable":true,"href":"http:\/\/blog.babsib.at\/index.php\/wp-json\/wp\/v2\/tags?post=818"}],"curies":[{"name":"wp","href":"https:\/\/api.w.org\/{rel}","templated":true}]}}